{"id":10455,"date":"2023-07-28T13:09:21","date_gmt":"2023-07-28T12:09:21","guid":{"rendered":"https:\/\/pkbwl.gov.pl\/?p=10455"},"modified":"2024-04-24T08:42:13","modified_gmt":"2024-04-24T07:42:13","slug":"raport-wstepny-pkbwl-samolot-siemens-schuckert-d-1-sp-syan-slawno-28-06-2023","status":"publish","type":"post","link":"https:\/\/pkbwl-pre.beztrudu.pl\/aktualnosci\/raport-wstepny-pkbwl-samolot-siemens-schuckert-d-1-sp-syan-slawno-28-06-2023\/","title":{"rendered":"Raport wst\u0119pny PKBWL \u2013 samolot Siemens Schuckert D-1 (SP-SYAN), S\u0142awno, 28\/06\/2023"},"content":{"rendered":"<style>\/*! elementor - v3.11.2 - 22-02-2023 *\/<br \/>\n.elementor-widget-image{text-align:center}.elementor-widget-image a{display:inline-block}.elementor-widget-image a img[src$=\".svg\"]{width:48px}.elementor-widget-image img{vertical-align:middle;display:inline-block}<\/style>\n<p>\t\t\t\t\t\t\t\t\t\t\t\t<img loading=\"lazy\" decoding=\"async\" width=\"2560\" height=\"1438\" src=\"https:\/\/pkbwl.gov.pl\/wp-content\/uploads\/2023\/06\/IMG_2058-Siemens-Schuckert-scaled.jpg\" alt=\"\" loading=\"lazy\" srcset=\"https:\/\/pkbwl.gov.pl\/wp-content\/uploads\/2023\/06\/IMG_2058-Siemens-Schuckert-scaled.jpg 2560w, https:\/\/pkbwl.gov.pl\/wp-content\/uploads\/2023\/06\/IMG_2058-Siemens-Schuckert-300x169.jpg 300w, https:\/\/pkbwl.gov.pl\/wp-content\/uploads\/2023\/06\/IMG_2058-Siemens-Schuckert-1024x575.jpg 1024w, https:\/\/pkbwl.gov.pl\/wp-content\/uploads\/2023\/06\/IMG_2058-Siemens-Schuckert-768x431.jpg 768w, https:\/\/pkbwl.gov.pl\/wp-content\/uploads\/2023\/06\/IMG_2058-Siemens-Schuckert-1536x863.jpg 1536w, https:\/\/pkbwl.gov.pl\/wp-content\/uploads\/2023\/06\/IMG_2058-Siemens-Schuckert-2048x1150.jpg 2048w\" sizes=\"auto, (max-width: 2560px) 100vw, 2560px\"><\/p>\n<p>W dniu 28.06.2023 r. z l\u0105dowiska w S\u0142awnie, wystartowa\u0142 do lotu samolot Siemens Schuckert D-1. Pilot zaplanowa\u0142 wykonanie dw\u00f3ch kr\u0119g\u00f3w nadlotniskowych. Po wykonaniu pierwszego kr\u0119gu i niskiego przelotu samolot zacz\u0105\u0142 si\u0119 \u0142agodnie wznosi\u0107. Pilot, na ma\u0142ej wysoko\u015bci wykona\u0142 pierwszy zakr\u0119t w lewo. Po pierwszym zakr\u0119cie utracono kontakt z samolotem. Rozbity samolot odnaleziono w obr\u0119bie kr\u0119gu nadlotniskowego w okolicy drugiego zakr\u0119tu.<\/p>\n<p>Badanie wypadku jest kontynuowane przez zesp\u00f3\u0142 PKBWL.<\/p>\n<p>Raport wst\u0119pny nr 2023-0035 w sprawie niniejszego wypadku znajduje si\u0119 w nast\u0119puj\u0105cym <a href=\"https:\/\/pkbwl.gov.pl\/raporty\/2023-0035\/\">linku<\/a>.<\/p>\n","protected":false},"excerpt":{"rendered":"<p>W dniu 28.06.2023 dosz\u0142o do wypadku samolotu ultralekkiego Siemens Schuckert D-1. W wyniku zdarzenia \u015bmier\u0107 poni\u00f3s\u0142 pilot. Samolot zosta\u0142 zniszczony.<\/p>\n","protected":false},"author":11,"featured_media":10044,"comment_status":"closed","ping_status":"closed","sticky":false,"template":"","format":"standard","meta":{"footnotes":""},"categories":[39],"tags":[],"class_list":["post-10455","post","type-post","status-publish","format-standard","has-post-thumbnail","hentry","category-aktualnosci"],"_links":{"self":[{"href":"https:\/\/pkbwl-pre.beztrudu.pl\/api\/wp\/v2\/posts\/10455","targetHints":{"allow":["GET"]}}],"collection":[{"href":"https:\/\/pkbwl-pre.beztrudu.pl\/api\/wp\/v2\/posts"}],"about":[{"href":"https:\/\/pkbwl-pre.beztrudu.pl\/api\/wp\/v2\/types\/post"}],"author":[{"embeddable":true,"href":"https:\/\/pkbwl-pre.beztrudu.pl\/api\/wp\/v2\/users\/11"}],"replies":[{"embeddable":true,"href":"https:\/\/pkbwl-pre.beztrudu.pl\/api\/wp\/v2\/comments?post=10455"}],"version-history":[{"count":12,"href":"https:\/\/pkbwl-pre.beztrudu.pl\/api\/wp\/v2\/posts\/10455\/revisions"}],"predecessor-version":[{"id":15337,"href":"https:\/\/pkbwl-pre.beztrudu.pl\/api\/wp\/v2\/posts\/10455\/revisions\/15337"}],"wp:featuredmedia":[{"embeddable":true,"href":"https:\/\/pkbwl-pre.beztrudu.pl\/api\/wp\/v2\/media\/10044"}],"wp:attachment":[{"href":"https:\/\/pkbwl-pre.beztrudu.pl\/api\/wp\/v2\/media?parent=10455"}],"wp:term":[{"taxonomy":"category","embeddable":true,"href":"https:\/\/pkbwl-pre.beztrudu.pl\/api\/wp\/v2\/categories?post=10455"},{"taxonomy":"post_tag","embeddable":true,"href":"https:\/\/pkbwl-pre.beztrudu.pl\/api\/wp\/v2\/tags?post=10455"}],"curies":[{"name":"wp","href":"https:\/\/api.w.org\/{rel}","templated":true}]}}