{"id":15575,"date":"2024-06-05T13:27:48","date_gmt":"2024-06-05T12:27:48","guid":{"rendered":"https:\/\/pkbwl.gov.pl\/?p=15575"},"modified":"2024-08-02T12:52:32","modified_gmt":"2024-08-02T11:52:32","slug":"komunikat-pkbwl-dot-raportu-koncowego-o-nr-2019-3243","status":"publish","type":"post","link":"https:\/\/pkbwl-pre.beztrudu.pl\/aktualnosci\/komunikat-pkbwl-dot-raportu-koncowego-o-nr-2019-3243\/","title":{"rendered":"Komunikat PKBWL dot. raportu ko\u0144cowego o nr 2019\/3243"},"content":{"rendered":"\n<figure class=\"wp-block-image aligncenter size-large\"><img fetchpriority=\"high\" decoding=\"async\" width=\"1024\" height=\"576\" src=\"https:\/\/pkbwl.gov.pl\/wp-content\/uploads\/2023\/06\/RAMKA-KOMUNIKAT-1024x576.png\" alt=\"\" class=\"wp-image-9179\" srcset=\"https:\/\/pkbwl-pre.beztrudu.pl\/wp-content\/uploads\/2023\/06\/RAMKA-KOMUNIKAT-1024x576.png 1024w, https:\/\/pkbwl-pre.beztrudu.pl\/wp-content\/uploads\/2023\/06\/RAMKA-KOMUNIKAT-300x169.png 300w, https:\/\/pkbwl-pre.beztrudu.pl\/wp-content\/uploads\/2023\/06\/RAMKA-KOMUNIKAT-768x432.png 768w, https:\/\/pkbwl-pre.beztrudu.pl\/wp-content\/uploads\/2023\/06\/RAMKA-KOMUNIKAT-1536x864.png 1536w, https:\/\/pkbwl-pre.beztrudu.pl\/wp-content\/uploads\/2023\/06\/RAMKA-KOMUNIKAT.png 1920w\" sizes=\"(max-width: 1024px) 100vw, 1024px\" \/><\/figure>\n\n\n\n<p><\/p>\n\n\n\n<p>Informujemy, \u017ce zgodnie z art. 138 ust. 4 Ustawy z dnia 3 lipca 2002 r. Prawo lotnicze (Dz. U. z 2023 r. poz. 2110.), w zwi\u0105zku z pojawieniem si\u0119 nowych fakt\u00f3w dotycz\u0105cych zako\u0144czonego badania nr 2019\/3243 dot. wypadku skoczk\u00f3w spadochronowych, do kt\u00f3rego dosz\u0142o 5 sierpnia 2019 r. w rejonie lotniska Ko\u0142obrzeg-Bagicz (EPKG), decyzj\u0105 Przewodnicz\u0105cego Komisji badanie przedmiotowego wypadku, pierwotnie zako\u0144czone 28 grudnia 2021 r., zosta\u0142o wznowione 11 marca 2024 r. Po wprowadzeniu zmian w tre\u015bci raportu, badanie zako\u0144czono 5 czerwca 2024 r. <br><span style=\"text-decoration: underline;\">Zmiany zawarte w raporcie ko\u0144cowym odnosz\u0105 si\u0119 do ustalonego miejsca l\u0105dowania skoczk\u00f3w<\/span>.<\/p>\n\n\n\n<p>Raport ko\u0144cowy o nr 2019\/3243 z badania niniejszego wypadku znajduje si\u0119 pod nast\u0119puj\u0105cym <a href=\"https:\/\/pkbwl.gov.pl\/raporty\/2019-3243\/\">linkiem<\/a>.<\/p>\n","protected":false},"excerpt":{"rendered":"<p>Informujemy o zako\u0144czeniu wznowionego badania wypadku skoczk\u00f3w spadochronowych, do kt\u00f3rego dosz\u0142o 5 sierpnia 2019 r. w rejonie lotniska Ko\u0142obrzeg-Bagicz (EPKG)  <\/p>\n","protected":false},"author":10,"featured_media":9179,"comment_status":"closed","ping_status":"closed","sticky":false,"template":"","format":"standard","meta":{"footnotes":""},"categories":[39],"tags":[],"class_list":["post-15575","post","type-post","status-publish","format-standard","has-post-thumbnail","hentry","category-aktualnosci"],"_links":{"self":[{"href":"https:\/\/pkbwl-pre.beztrudu.pl\/api\/wp\/v2\/posts\/15575","targetHints":{"allow":["GET"]}}],"collection":[{"href":"https:\/\/pkbwl-pre.beztrudu.pl\/api\/wp\/v2\/posts"}],"about":[{"href":"https:\/\/pkbwl-pre.beztrudu.pl\/api\/wp\/v2\/types\/post"}],"author":[{"embeddable":true,"href":"https:\/\/pkbwl-pre.beztrudu.pl\/api\/wp\/v2\/users\/10"}],"replies":[{"embeddable":true,"href":"https:\/\/pkbwl-pre.beztrudu.pl\/api\/wp\/v2\/comments?post=15575"}],"version-history":[{"count":8,"href":"https:\/\/pkbwl-pre.beztrudu.pl\/api\/wp\/v2\/posts\/15575\/revisions"}],"predecessor-version":[{"id":15588,"href":"https:\/\/pkbwl-pre.beztrudu.pl\/api\/wp\/v2\/posts\/15575\/revisions\/15588"}],"wp:featuredmedia":[{"embeddable":true,"href":"https:\/\/pkbwl-pre.beztrudu.pl\/api\/wp\/v2\/media\/9179"}],"wp:attachment":[{"href":"https:\/\/pkbwl-pre.beztrudu.pl\/api\/wp\/v2\/media?parent=15575"}],"wp:term":[{"taxonomy":"category","embeddable":true,"href":"https:\/\/pkbwl-pre.beztrudu.pl\/api\/wp\/v2\/categories?post=15575"},{"taxonomy":"post_tag","embeddable":true,"href":"https:\/\/pkbwl-pre.beztrudu.pl\/api\/wp\/v2\/tags?post=15575"}],"curies":[{"name":"wp","href":"https:\/\/api.w.org\/{rel}","templated":true}]}}