{"id":6822,"date":"2023-03-13T22:39:06","date_gmt":"2023-03-13T21:39:06","guid":{"rendered":"https:\/\/pkbwl.gov.pl\/?p=6822"},"modified":"2023-09-15T10:54:22","modified_gmt":"2023-09-15T09:54:22","slug":"raport-pkbwl-wypadek-motoparalotnia-lotnisko-lublin-radawiec-eplr-15-06-2022","status":"publish","type":"post","link":"https:\/\/pkbwl-pre.beztrudu.pl\/aktualnosci\/raport-pkbwl-wypadek-motoparalotnia-lotnisko-lublin-radawiec-eplr-15-06-2022\/","title":{"rendered":"Raport ko\u0144cowy PKBWL &#8211; wypadek, motoparalotnia, lotnisko Lublin-Radawiec (EPLR), 15\/06\/2022"},"content":{"rendered":"<style>\/*! elementor - v3.11.2 - 22-02-2023 *\/<br \/>\n.elementor-widget-image{text-align:center}.elementor-widget-image a{display:inline-block}.elementor-widget-image a img[src$=\".svg\"]{width:48px}.elementor-widget-image img{vertical-align:middle;display:inline-block}<\/style>\n<p><img fetchpriority=\"high\" decoding=\"async\" src=\"https:\/\/pkbwl.gov.pl\/wp-content\/uploads\/2023\/03\/Moto-with-border.jpg\" sizes=\"(max-width: 1344px) 100vw, 1344px\" srcset=\"https:\/\/pkbwl.gov.pl\/wp-content\/uploads\/2023\/03\/Moto-with-border.jpg 1344w, https:\/\/pkbwl.gov.pl\/wp-content\/uploads\/2023\/03\/Moto-with-border-300x221.jpg 300w, https:\/\/pkbwl.gov.pl\/wp-content\/uploads\/2023\/03\/Moto-with-border-1024x754.jpg 1024w, https:\/\/pkbwl.gov.pl\/wp-content\/uploads\/2023\/03\/Moto-with-border-768x566.jpg 768w\" alt=\"\" width=\"1344\" height=\"990\" \/><\/p>\n<p>W dniu 15.06.2022 r. pilot motoparalotni w godzinach wieczornych wykonywa\u0142 loty na lotnisku Aeroklubu Lubelskiego w Radawcu. W trakcie wykonywania lotu oko\u0142o godziny 20:05 dosz\u0142o do zderzenia motoparalotni z ziemi\u0105. Pilot po upadku by\u0142 przytomny, zosta\u0142 przetransportowany do szpitala, gdzie po dw\u00f3ch dobach zmar\u0142.<\/p>\n<p><strong>W trakcie badania PKBWL nie ustali\u0142a przyczyn wypadku lotniczego.<\/strong><\/p>\n<p>Raport ko\u0144cowy o nr 2022\/3025 z badania niniejszego wypadku znajduje si\u0119 w nast\u0119puj\u0105cym <a href=\"https:\/\/pkbwl.gov.pl\/wp-content\/uploads\/2023\/03\/2022_3025_RK.pdfhttps:\/\/pkbwl.gov.pl\/wp-content\/uploads\/2023\/03\/2022_3025_RK-1.pdf\">linku<\/a><\/p>\n","protected":false},"excerpt":{"rendered":"<p>W dniu 15.06.2022 r. pilot motoparalotni w godzinach wieczornych wykonywa\u0142 loty na lotnisku Aeroklubu Lubelskiego w Radawcu. W trakcie wykonywania lotu oko\u0142o godziny 20:05 dosz\u0142o do zderzenia motoparalotni z ziemi\u0105. Pilot po upadku by\u0142 przytomny, zosta\u0142 przetransportowany do szpitala, gdzie po dw\u00f3ch dobach zmar\u0142. W trakcie badania PKBWL nie ustali\u0142a przyczyn wypadku lotniczego. Raport ko\u0144cowy o nr 2022\/3025 z badania niniejszego wypadku znajduje si\u0119 w nast\u0119puj\u0105cym linku<\/p>\n","protected":false},"author":10,"featured_media":6823,"comment_status":"closed","ping_status":"closed","sticky":false,"template":"","format":"standard","meta":{"footnotes":""},"categories":[39],"tags":[],"class_list":["post-6822","post","type-post","status-publish","format-standard","has-post-thumbnail","hentry","category-aktualnosci"],"_links":{"self":[{"href":"https:\/\/pkbwl-pre.beztrudu.pl\/api\/wp\/v2\/posts\/6822","targetHints":{"allow":["GET"]}}],"collection":[{"href":"https:\/\/pkbwl-pre.beztrudu.pl\/api\/wp\/v2\/posts"}],"about":[{"href":"https:\/\/pkbwl-pre.beztrudu.pl\/api\/wp\/v2\/types\/post"}],"author":[{"embeddable":true,"href":"https:\/\/pkbwl-pre.beztrudu.pl\/api\/wp\/v2\/users\/10"}],"replies":[{"embeddable":true,"href":"https:\/\/pkbwl-pre.beztrudu.pl\/api\/wp\/v2\/comments?post=6822"}],"version-history":[{"count":26,"href":"https:\/\/pkbwl-pre.beztrudu.pl\/api\/wp\/v2\/posts\/6822\/revisions"}],"predecessor-version":[{"id":11909,"href":"https:\/\/pkbwl-pre.beztrudu.pl\/api\/wp\/v2\/posts\/6822\/revisions\/11909"}],"wp:featuredmedia":[{"embeddable":true,"href":"https:\/\/pkbwl-pre.beztrudu.pl\/api\/wp\/v2\/media\/6823"}],"wp:attachment":[{"href":"https:\/\/pkbwl-pre.beztrudu.pl\/api\/wp\/v2\/media?parent=6822"}],"wp:term":[{"taxonomy":"category","embeddable":true,"href":"https:\/\/pkbwl-pre.beztrudu.pl\/api\/wp\/v2\/categories?post=6822"},{"taxonomy":"post_tag","embeddable":true,"href":"https:\/\/pkbwl-pre.beztrudu.pl\/api\/wp\/v2\/tags?post=6822"}],"curies":[{"name":"wp","href":"https:\/\/api.w.org\/{rel}","templated":true}]}}