{"id":718,"date":"2019-06-18T13:09:51","date_gmt":"2019-06-18T13:09:51","guid":{"rendered":"https:\/\/pkbwl.gov.pl\/?p=718"},"modified":"2023-08-29T10:14:14","modified_gmt":"2023-08-29T09:14:14","slug":"miedzynarodowa-konferencja-naukowa-transport-xxi-wieku","status":"publish","type":"post","link":"https:\/\/pkbwl-pre.beztrudu.pl\/aktualnosci\/miedzynarodowa-konferencja-naukowa-transport-xxi-wieku\/","title":{"rendered":"Mi\u0119dzynarodowa Konferencja Naukowa Transport XXI wieku"},"content":{"rendered":"\n<p>W dniach 9-12.06. br. w miejscowo\u015bci Ryn odby\u0142a si\u0119 Mi\u0119dzynarodowa Konferencja Naukowa Transport XXI wieku. Celem konferencji by\u0142a prezentacja osi\u0105gni\u0119\u0107 o\u015brodk\u00f3w naukowych i badawczych krajowych oraz zagranicznych zajmuj\u0105cych si\u0119 problematyk\u0105 transportu w aspekcie techniczno-technologicznym i organizacyjnym, jak r\u00f3wnie\u017c integracja \u015brodowiska prowadz\u0105cego badania naukowe. Cz\u0142onek PKBWL Patrycja Pacak wraz z prof. PW Ann\u0105 Stelmach przygotowywa\u0142y wyst\u0105pienie z zakresu bezpiecze\u0144stwa w transporcie lotniczym. Szczeg\u00f3\u0142owy program dost\u0119pny jest na stronie organizatora:\u00a0<a href=\"http:\/\/www.transport21.edu.pl\/program\/szczegolowy\/\">http:\/\/www.transport21.edu.pl\/program\/szczegolowy\/<\/a><\/p>\n\n\n\n<figure class=\"wp-block-image aligncenter size-full\"><img fetchpriority=\"high\" decoding=\"async\" width=\"528\" height=\"704\" src=\"https:\/\/pkbwl.gov.pl\/wp-content\/uploads\/2022\/12\/transportXXI.jpg\" alt=\"\" class=\"wp-image-722\" srcset=\"https:\/\/pkbwl-pre.beztrudu.pl\/wp-content\/uploads\/2022\/12\/transportXXI.jpg 528w, https:\/\/pkbwl-pre.beztrudu.pl\/wp-content\/uploads\/2022\/12\/transportXXI-225x300.jpg 225w\" sizes=\"(max-width: 528px) 100vw, 528px\" \/><\/figure>\n","protected":false},"excerpt":{"rendered":"<p>W dniach 9-12.06. br. w miejscowo\u015bci Ryn odby\u0142a si\u0119 Mi\u0119dzynarodowa Konferencja Naukowa Transport XXI wieku. Celem konferencji by\u0142a prezentacja osi\u0105gni\u0119\u0107 o\u015brodk\u00f3w naukowych i badawczych krajowych oraz zagranicznych zajmuj\u0105cych si\u0119 problematyk\u0105 transportu w aspekcie techniczno-technologicznym i organizacyjnym, jak r\u00f3wnie\u017c integracja \u015brodowiska prowadz\u0105cego badania naukowe. Cz\u0142onek PKBWL Patrycja Pacak wraz z prof. PW Ann\u0105 Stelmach przygotowywa\u0142y wyst\u0105pienie z zakresu bezpiecze\u0144stwa w transporcie lotniczym. Szczeg\u00f3\u0142owy program dost\u0119pny jest na stronie organizatora:\u00a0http:\/\/www.transport21.edu.pl\/program\/szczegolowy\/<\/p>\n","protected":false},"author":3,"featured_media":722,"comment_status":"closed","ping_status":"closed","sticky":false,"template":"","format":"standard","meta":{"footnotes":""},"categories":[39],"tags":[],"class_list":["post-718","post","type-post","status-publish","format-standard","has-post-thumbnail","hentry","category-aktualnosci"],"_links":{"self":[{"href":"https:\/\/pkbwl-pre.beztrudu.pl\/api\/wp\/v2\/posts\/718","targetHints":{"allow":["GET"]}}],"collection":[{"href":"https:\/\/pkbwl-pre.beztrudu.pl\/api\/wp\/v2\/posts"}],"about":[{"href":"https:\/\/pkbwl-pre.beztrudu.pl\/api\/wp\/v2\/types\/post"}],"author":[{"embeddable":true,"href":"https:\/\/pkbwl-pre.beztrudu.pl\/api\/wp\/v2\/users\/3"}],"replies":[{"embeddable":true,"href":"https:\/\/pkbwl-pre.beztrudu.pl\/api\/wp\/v2\/comments?post=718"}],"version-history":[{"count":2,"href":"https:\/\/pkbwl-pre.beztrudu.pl\/api\/wp\/v2\/posts\/718\/revisions"}],"predecessor-version":[{"id":11192,"href":"https:\/\/pkbwl-pre.beztrudu.pl\/api\/wp\/v2\/posts\/718\/revisions\/11192"}],"wp:featuredmedia":[{"embeddable":true,"href":"https:\/\/pkbwl-pre.beztrudu.pl\/api\/wp\/v2\/media\/722"}],"wp:attachment":[{"href":"https:\/\/pkbwl-pre.beztrudu.pl\/api\/wp\/v2\/media?parent=718"}],"wp:term":[{"taxonomy":"category","embeddable":true,"href":"https:\/\/pkbwl-pre.beztrudu.pl\/api\/wp\/v2\/categories?post=718"},{"taxonomy":"post_tag","embeddable":true,"href":"https:\/\/pkbwl-pre.beztrudu.pl\/api\/wp\/v2\/tags?post=718"}],"curies":[{"name":"wp","href":"https:\/\/api.w.org\/{rel}","templated":true}]}}