{"id":769,"date":"2020-03-05T13:35:00","date_gmt":"2020-03-05T13:35:00","guid":{"rendered":"https:\/\/pkbwl.gov.pl\/?p=769"},"modified":"2022-12-06T13:35:47","modified_gmt":"2022-12-06T13:35:47","slug":"szkolenie-metodyczno-zawodowe-w-cetniewie","status":"publish","type":"post","link":"https:\/\/pkbwl-pre.beztrudu.pl\/aktualnosci\/szkolenie-metodyczno-zawodowe-w-cetniewie\/","title":{"rendered":"Szkolenie metodyczno-zawodowe w Cetniewie"},"content":{"rendered":"\n<hr class=\"wp-block-separator has-alpha-channel-opacity\" id=\"system-readmore\"\/>\n\n\n\n<p>W ostatnim tygodniu lutego br. Centralny O\u015brodek Sportu Cetniewo we W\u0142adys\u0142awowie go\u015bci\u0142 szef\u00f3w szkolenia aeroklub\u00f3w regionalnych. Na zaproszenie organizatora &#8211; Aeroklubu Polskiego &#8211; w szkoleniu metodyczno-zawodowym wzi\u0119li udzia\u0142 cz\u0142onkowie PKBWL, kt\u00f3rzy poprowadzili panel dotycz\u0105cy bezpiecze\u0144stwa w lotnictwie lekkim. Wyk\u0142ady stanowi\u0142y okazj\u0119 do podsumowania zdarze\u0144 maj\u0105cych miejsce w sezonie 2019, jak r\u00f3wnie\u017c om\u00f3wienia problematyki zg\u0142aszania zdarze\u0144 lotniczych z punktu widzenia wymaga\u0144 Komisji. Podczas kolejnych dni odby\u0142wa\u0142y si\u0119 r\u00f3wnie\u017c panele dyskusyjne oraz warsztaty. Jak co roku, w trakcie konferencji poruszonych zosta\u0142o wiele wa\u017cnych temat\u00f3w lotniczych, m.in.:<\/p>\n\n\n\n<ul class=\"wp-block-list\"><li>aktualnych zmian w programach szkolenia i licencjonowania personelu lotniczego, w tym szkolenia w zakresie zapobiegania sytuacjom krytycznym i wyprowadzania samolotu z takich sytuacji (<em>Upset Prevention and Recovery Training<\/em>&nbsp;&#8211; UPRT) &#8211; prezentacja przedstawicieli Urz\u0119du Lotnictwa Cywilnego;<\/li><li>wchodz\u0105cych zmian w strukturze przestrzeni w FIR EPWA oraz zmian w przepisach w zakresie wykorzystywania przestrzeni &#8211; prezentacja przedstawicieli Polskiej Agencji \u017beglugi Powietrznej;<\/li><li>wprowadzonych i planowanych zmian w dokumentacji &#8211; prezentacja Aeroklubu Polskiego.<\/li><\/ul>\n\n\n\n<figure class=\"wp-block-image aligncenter size-large\"><img fetchpriority=\"high\" decoding=\"async\" width=\"962\" height=\"1024\" src=\"https:\/\/pkbwl.gov.pl\/wp-content\/uploads\/2022\/12\/cetniewo_pkbwl_20-962x1024.jpg\" alt=\"\" class=\"wp-image-770\" srcset=\"https:\/\/pkbwl-pre.beztrudu.pl\/wp-content\/uploads\/2022\/12\/cetniewo_pkbwl_20-962x1024.jpg 962w, https:\/\/pkbwl-pre.beztrudu.pl\/wp-content\/uploads\/2022\/12\/cetniewo_pkbwl_20-282x300.jpg 282w, https:\/\/pkbwl-pre.beztrudu.pl\/wp-content\/uploads\/2022\/12\/cetniewo_pkbwl_20-768x817.jpg 768w, https:\/\/pkbwl-pre.beztrudu.pl\/wp-content\/uploads\/2022\/12\/cetniewo_pkbwl_20-1443x1536.jpg 1443w, https:\/\/pkbwl-pre.beztrudu.pl\/wp-content\/uploads\/2022\/12\/cetniewo_pkbwl_20.jpg 1512w\" sizes=\"(max-width: 962px) 100vw, 962px\" \/><figcaption>fot. PKBWL<\/figcaption><\/figure>\n","protected":false},"excerpt":{"rendered":"<p>W ostatnim tygodniu lutego br. Centralny O\u015brodek Sportu Cetniewo we W\u0142adys\u0142awowie go\u015bci\u0142 szef\u00f3w szkolenia aeroklub\u00f3w regionalnych. Na zaproszenie organizatora &#8211; Aeroklubu Polskiego &#8211; w szkoleniu metodyczno-zawodowym wzi\u0119li udzia\u0142 cz\u0142onkowie PKBWL, kt\u00f3rzy poprowadzili panel dotycz\u0105cy bezpiecze\u0144stwa w lotnictwie lekkim. Wyk\u0142ady stanowi\u0142y okazj\u0119 do podsumowania zdarze\u0144 maj\u0105cych miejsce w sezonie 2019, jak r\u00f3wnie\u017c om\u00f3wienia problematyki zg\u0142aszania zdarze\u0144 lotniczych z punktu widzenia wymaga\u0144 Komisji. Podczas kolejnych dni odby\u0142wa\u0142y si\u0119 r\u00f3wnie\u017c panele dyskusyjne oraz warsztaty. Jak co roku, w trakcie konferencji poruszonych zosta\u0142o wiele wa\u017cnych temat\u00f3w lotniczych, m.in.: aktualnych zmian w programach szkolenia i licencjonowania personelu lotniczego, w tym szkolenia w zakresie zapobiegania sytuacjom krytycznym i wyprowadzania samolotu z takich sytuacji (Upset Prevention and Recovery Training&nbsp;&#8211; UPRT) &#8211; prezentacja przedstawicieli Urz\u0119du Lotnictwa Cywilnego; wchodz\u0105cych zmian w strukturze przestrzeni w FIR EPWA oraz zmian w przepisach w zakresie wykorzystywania przestrzeni &#8211; prezentacja przedstawicieli Polskiej Agencji \u017beglugi Powietrznej; wprowadzonych i planowanych zmian w dokumentacji &#8211; prezentacja Aeroklubu Polskiego.<\/p>\n","protected":false},"author":3,"featured_media":770,"comment_status":"closed","ping_status":"closed","sticky":false,"template":"","format":"standard","meta":{"footnotes":""},"categories":[39],"tags":[],"class_list":["post-769","post","type-post","status-publish","format-standard","has-post-thumbnail","hentry","category-aktualnosci"],"_links":{"self":[{"href":"https:\/\/pkbwl-pre.beztrudu.pl\/api\/wp\/v2\/posts\/769","targetHints":{"allow":["GET"]}}],"collection":[{"href":"https:\/\/pkbwl-pre.beztrudu.pl\/api\/wp\/v2\/posts"}],"about":[{"href":"https:\/\/pkbwl-pre.beztrudu.pl\/api\/wp\/v2\/types\/post"}],"author":[{"embeddable":true,"href":"https:\/\/pkbwl-pre.beztrudu.pl\/api\/wp\/v2\/users\/3"}],"replies":[{"embeddable":true,"href":"https:\/\/pkbwl-pre.beztrudu.pl\/api\/wp\/v2\/comments?post=769"}],"version-history":[{"count":1,"href":"https:\/\/pkbwl-pre.beztrudu.pl\/api\/wp\/v2\/posts\/769\/revisions"}],"predecessor-version":[{"id":771,"href":"https:\/\/pkbwl-pre.beztrudu.pl\/api\/wp\/v2\/posts\/769\/revisions\/771"}],"wp:featuredmedia":[{"embeddable":true,"href":"https:\/\/pkbwl-pre.beztrudu.pl\/api\/wp\/v2\/media\/770"}],"wp:attachment":[{"href":"https:\/\/pkbwl-pre.beztrudu.pl\/api\/wp\/v2\/media?parent=769"}],"wp:term":[{"taxonomy":"category","embeddable":true,"href":"https:\/\/pkbwl-pre.beztrudu.pl\/api\/wp\/v2\/categories?post=769"},{"taxonomy":"post_tag","embeddable":true,"href":"https:\/\/pkbwl-pre.beztrudu.pl\/api\/wp\/v2\/tags?post=769"}],"curies":[{"name":"wp","href":"https:\/\/api.w.org\/{rel}","templated":true}]}}