{"id":874,"date":"2022-02-21T14:37:20","date_gmt":"2022-02-21T14:37:20","guid":{"rendered":"https:\/\/pkbwl.gov.pl\/?p=874"},"modified":"2023-11-15T14:48:13","modified_gmt":"2023-11-15T13:48:13","slug":"oswiadczenie-tymczasowe-nr-1-z-wypadku-2021-0345","status":"publish","type":"post","link":"https:\/\/pkbwl-pre.beztrudu.pl\/raporty-archiwalne\/oswiadczenie-tymczasowe-nr-1-z-wypadku-2021-0345\/","title":{"rendered":"O\u015bwiadczenie tymczasowe z wypadku 2021\/0345"},"content":{"rendered":"\t\t<div data-elementor-type=\"wp-post\" data-elementor-id=\"874\" class=\"elementor elementor-874\" data-elementor-post-type=\"post\">\n\t\t\t\t\t\t<section class=\"elementor-section elementor-top-section elementor-element elementor-element-655d306a elementor-section-boxed elementor-section-height-default elementor-section-height-default wpr-particle-no wpr-jarallax-no wpr-parallax-no wpr-sticky-section-no\" data-id=\"655d306a\" data-element_type=\"section\" data-e-type=\"section\">\n\t\t\t\t\t\t<div class=\"elementor-container elementor-column-gap-default\">\n\t\t\t\t\t<div class=\"elementor-column elementor-col-100 elementor-top-column elementor-element elementor-element-2a86201a\" data-id=\"2a86201a\" data-element_type=\"column\" data-e-type=\"column\">\n\t\t\t<div class=\"elementor-widget-wrap elementor-element-populated\">\n\t\t\t\t\t\t<div class=\"elementor-element elementor-element-77a4a419 elementor-widget elementor-widget-text-editor\" data-id=\"77a4a419\" data-element_type=\"widget\" data-e-type=\"widget\" data-widget_type=\"text-editor.default\">\n\t\t\t\t<div class=\"elementor-widget-container\">\n\t\t\t\t\t\t\t\t\t<p><\/p>\n<p>Dnia 22.02.2021 roku oko\u0142o godziny 22:27 UTC pilot z trzema pasa\u017cerami na pok\u0142adzie \u015bmig\u0142owca Bell 429, SP-KKS, wystartowa\u0142 do lotu prywatnego z l\u0105dowiska znajduj\u0105cego si\u0119 w odleg\u0142o\u015bci oko\u0142o 5 NM na p\u00f3\u0142noc od miejscowo\u015bci Opole. Pilot nie sk\u0142ada\u0142 planu lotu, jak r\u00f3wnie\u017c nie nawi\u0105zywa\u0142 \u0142\u0105czno\u015bci radiowej ze s\u0142u\u017cbami ruchu lotniczego. Oko\u0142o godziny 22:28 UTC utracono kontakt radarowy ze \u015bmig\u0142owcem.<\/p>\n<p><\/p>\n<p><\/p>\n<p>Podczas podej\u015bcia do l\u0105dowania oko\u0142o godz. 23:00 UTC dosz\u0142o do zderzenia \u015bmig\u0142owca z wysokimi drzewami w lesie, a nast\u0119pnie z ziemi\u0105. Pilot i pasa\u017cer zajmuj\u0105cy miejsce obok pilota ponie\u015bli \u015bmier\u0107. Dwoje pasa\u017cer\u00f3w zajmuj\u0105cych miejsca w przedziale pasa\u017cerskim dozna\u0142o powa\u017cnych obra\u017ce\u0144 cia\u0142a. \u015amig\u0142owiec uleg\u0142 zniszczeniu.<\/p>\n<p><\/p>\n<p><\/p>\n<p>O\u015bwiadczenie tymczasowe nr 1 z dnia 18.02.2022 roku jest dost\u0119pne w j\u0119zyku polskim oraz w j\u0119zyku angielskim. O\u015bwiadczenie dost\u0119pne jest poni\u017cej: <\/p>\n<p><\/p>\n<p><\/p>\n<div data-wp-interactive=\"core\/file\" class=\"wp-block-file\"><object data-wp-bind--hidden=\"!state.hasPdfPreview\" hidden class=\"wp-block-file__embed\" data=\"https:\/\/pkbwl.gov.pl\/wp-content\/uploads\/2022\/12\/2021_0345_OT.pdf\" type=\"application\/pdf\" style=\"width:100%;height:600px\" aria-label=\"Osadzone z 2021_0345_OT.\"><\/object><a id=\"wp-block-file--media-f480822e-134b-4e9e-b9b3-3b8a446f0b7c\" href=\"https:\/\/pkbwl.gov.pl\/wp-content\/uploads\/2022\/12\/2021_0345_OT.pdf\">2021_0345_OT<\/a><a href=\"https:\/\/pkbwl.gov.pl\/wp-content\/uploads\/2022\/12\/2021_0345_OT.pdf\" class=\"wp-block-file__button wp-element-button\" download=\"\" aria-describedby=\"wp-block-file--media-f480822e-134b-4e9e-b9b3-3b8a446f0b7c\">Pobierz<\/a><\/div>\n<p><\/p>\n<p><\/p>\n<div data-wp-interactive=\"core\/file\" class=\"wp-block-file\"><object data-wp-bind--hidden=\"!state.hasPdfPreview\" hidden class=\"wp-block-file__embed\" data=\"https:\/\/pkbwl.gov.pl\/wp-content\/uploads\/2022\/12\/2021_0345_IS.pdf\" type=\"application\/pdf\" style=\"width:100%;height:600px\" aria-label=\"Osadzone z 2021_0345_IS.\"><\/object><a id=\"wp-block-file--media-b324ce7a-5297-4117-b11f-a84ce527ec84\" href=\"https:\/\/pkbwl.gov.pl\/wp-content\/uploads\/2022\/12\/2021_0345_IS.pdf\">2021_0345_IS<\/a><a href=\"https:\/\/pkbwl.gov.pl\/wp-content\/uploads\/2022\/12\/2021_0345_IS.pdf\" class=\"wp-block-file__button wp-element-button\" download=\"\" aria-describedby=\"wp-block-file--media-b324ce7a-5297-4117-b11f-a84ce527ec84\">Pobierz<\/a><\/div>\n<p><\/p>\n<p><\/p>\n<figure class=\"wp-block-image aligncenter size-full is-resized\"><img fetchpriority=\"high\" decoding=\"async\" src=\"https:\/\/pkbwl.gov.pl\/wp-content\/uploads\/2022\/12\/2021_0345_1.jpg\" alt=\"\" class=\"wp-image-878\" width=\"678\" height=\"416\" srcset=\"https:\/\/pkbwl-pre.beztrudu.pl\/wp-content\/uploads\/2022\/12\/2021_0345_1.jpg 463w, https:\/\/pkbwl-pre.beztrudu.pl\/wp-content\/uploads\/2022\/12\/2021_0345_1-300x184.jpg 300w\" sizes=\"(max-width: 678px) 100vw, 678px\" \/><p><\/p>\n<figcaption class=\"wp-element-caption\">&nbsp;Rys. 1. Miejsce zdarzenia &#8211; widok z g\u00f3ry [\u017ar\u00f3d\u0142o: PKBWL]<\/figcaption>\n<\/figure>\n<p><\/p>\n<p><\/p>\n<figure class=\"wp-block-image aligncenter size-full\"><img decoding=\"async\" width=\"463\" height=\"339\" src=\"https:\/\/pkbwl.gov.pl\/wp-content\/uploads\/2022\/12\/2021_0345_2.jpg\" alt=\"\" class=\"wp-image-879\" srcset=\"https:\/\/pkbwl-pre.beztrudu.pl\/wp-content\/uploads\/2022\/12\/2021_0345_2.jpg 463w, https:\/\/pkbwl-pre.beztrudu.pl\/wp-content\/uploads\/2022\/12\/2021_0345_2-300x220.jpg 300w\" sizes=\"(max-width: 463px) 100vw, 463px\" \/><p><\/p>\n<figcaption class=\"wp-element-caption\">Rys. 2. Miejsce zdarzenia &#8211; widok z kierunku nalotu [\u017ar\u00f3d\u0142o: PKBWL]<\/figcaption>\n<\/figure>\n<p><\/p>\t\t\t\t\t\t\t\t<\/div>\n\t\t\t\t<\/div>\n\t\t\t\t\t<\/div>\n\t\t<\/div>\n\t\t\t\t\t<\/div>\n\t\t<\/section>\n\t\t\t\t<\/div>\n\t\t","protected":false},"excerpt":{"rendered":"<p>Dnia 22.02.2021 roku oko\u0142o godziny 22:27 UTC pilot z trzema pasa\u017cerami na pok\u0142adzie \u015bmig\u0142owca Bell 429, SP-KKS, wystartowa\u0142 do lotu prywatnego z l\u0105dowiska znajduj\u0105cego si\u0119 w odleg\u0142o\u015bci oko\u0142o 5 NM na p\u00f3\u0142noc od miejscowo\u015bci Opole. Pilot nie sk\u0142ada\u0142 planu lotu, jak r\u00f3wnie\u017c nie nawi\u0105zywa\u0142 \u0142\u0105czno\u015bci radiowej ze s\u0142u\u017cbami ruchu lotniczego. Oko\u0142o godziny 22:28 UTC utracono kontakt radarowy ze \u015bmig\u0142owcem. Podczas podej\u015bcia do l\u0105dowania oko\u0142o godz. 23:00 UTC dosz\u0142o do zderzenia \u015bmig\u0142owca z wysokimi drzewami w lesie, a nast\u0119pnie z ziemi\u0105. Pilot i pasa\u017cer zajmuj\u0105cy miejsce obok pilota ponie\u015bli \u015bmier\u0107. Dwoje pasa\u017cer\u00f3w zajmuj\u0105cych miejsca w przedziale pasa\u017cerskim dozna\u0142o powa\u017cnych obra\u017ce\u0144 cia\u0142a. \u015amig\u0142owiec uleg\u0142 zniszczeniu. O\u015bwiadczenie tymczasowe nr 1 z dnia 18.02.2022 roku jest dost\u0119pne w j\u0119zyku polskim oraz w j\u0119zyku angielskim. O\u015bwiadczenie dost\u0119pne jest poni\u017cej:<\/p>\n","protected":false},"author":3,"featured_media":12499,"comment_status":"closed","ping_status":"closed","sticky":false,"template":"","format":"standard","meta":{"footnotes":""},"categories":[43],"tags":[],"class_list":["post-874","post","type-post","status-publish","format-standard","has-post-thumbnail","hentry","category-raporty-archiwalne"],"_links":{"self":[{"href":"https:\/\/pkbwl-pre.beztrudu.pl\/api\/wp\/v2\/posts\/874","targetHints":{"allow":["GET"]}}],"collection":[{"href":"https:\/\/pkbwl-pre.beztrudu.pl\/api\/wp\/v2\/posts"}],"about":[{"href":"https:\/\/pkbwl-pre.beztrudu.pl\/api\/wp\/v2\/types\/post"}],"author":[{"embeddable":true,"href":"https:\/\/pkbwl-pre.beztrudu.pl\/api\/wp\/v2\/users\/3"}],"replies":[{"embeddable":true,"href":"https:\/\/pkbwl-pre.beztrudu.pl\/api\/wp\/v2\/comments?post=874"}],"version-history":[{"count":8,"href":"https:\/\/pkbwl-pre.beztrudu.pl\/api\/wp\/v2\/posts\/874\/revisions"}],"predecessor-version":[{"id":12500,"href":"https:\/\/pkbwl-pre.beztrudu.pl\/api\/wp\/v2\/posts\/874\/revisions\/12500"}],"wp:featuredmedia":[{"embeddable":true,"href":"https:\/\/pkbwl-pre.beztrudu.pl\/api\/wp\/v2\/media\/12499"}],"wp:attachment":[{"href":"https:\/\/pkbwl-pre.beztrudu.pl\/api\/wp\/v2\/media?parent=874"}],"wp:term":[{"taxonomy":"category","embeddable":true,"href":"https:\/\/pkbwl-pre.beztrudu.pl\/api\/wp\/v2\/categories?post=874"},{"taxonomy":"post_tag","embeddable":true,"href":"https:\/\/pkbwl-pre.beztrudu.pl\/api\/wp\/v2\/tags?post=874"}],"curies":[{"name":"wp","href":"https:\/\/api.w.org\/{rel}","templated":true}]}}