{"id":9956,"date":"2023-06-28T13:14:51","date_gmt":"2023-06-28T12:14:51","guid":{"rendered":"https:\/\/pkbwl.gov.pl\/?p=9956"},"modified":"2023-09-15T10:39:19","modified_gmt":"2023-09-15T09:39:19","slug":"raport-koncowy-pkbwl-wypadek-cessna-152-sp-akw-rebielice-02-06-2022","status":"publish","type":"post","link":"https:\/\/pkbwl-pre.beztrudu.pl\/aktualnosci\/raport-koncowy-pkbwl-wypadek-cessna-152-sp-akw-rebielice-02-06-2022\/","title":{"rendered":"Raport ko\u0144cowy PKBWL \u2013 wypadek, Cessna 152 (SP-AKW), R\u0119bielice Kr\u00f3lewskie, 02\/06\/2022"},"content":{"rendered":"<style>\/*! elementor - v3.11.2 - 22-02-2023 *\/<br \/>\n.elementor-widget-image{text-align:center}.elementor-widget-image a{display:inline-block}.elementor-widget-image a img[src$=\".svg\"]{width:48px}.elementor-widget-image img{vertical-align:middle;display:inline-block}<\/style>\n<figure><img fetchpriority=\"high\" decoding=\"async\" src=\"https:\/\/pkbwl.gov.pl\/wp-content\/uploads\/2023\/07\/2700.png\" sizes=\"(max-width: 1242px) 100vw, 1242px\" srcset=\"https:\/\/pkbwl.gov.pl\/wp-content\/uploads\/2023\/07\/2700.png 1242w, https:\/\/pkbwl.gov.pl\/wp-content\/uploads\/2023\/07\/2700-300x249.png 300w, https:\/\/pkbwl.gov.pl\/wp-content\/uploads\/2023\/07\/2700-1024x850.png 1024w, https:\/\/pkbwl.gov.pl\/wp-content\/uploads\/2023\/07\/2700-768x638.png 768w\" alt=\"\" width=\"1242\" height=\"1031\" \/><figcaption>\u0179r\u00f3d\u0142o: Policja<\/figcaption><\/figure>\n<p>W dniu 2.06.2022 r. pilot posiadaj\u0105cy licencj\u0119 LAPL(A) wykonywa\u0142 lot trasowy z pasa\u017cerem na samolocie C-152 o znakach rozpoznawczych SP-AKW. Przez wi\u0119kszo\u015b\u0107 czasu lot przebiega\u0142 normalnie, jednak po oko\u0142o 30 min. Od startu samolot przeszed\u0142 na zni\u017canie i rozp\u0119dzaj\u0105c si\u0119 po trajektorii \u0142agodnego, ale zacie\u015bniaj\u0105cego si\u0119 \u0142uku, zderzy\u0142 si\u0119 z du\u017c\u0105 pr\u0119dko\u015bci\u0105 z ziemi\u0105. Pilot i pasa\u017cera ponie\u015bli \u015bmier\u0107 na miejscu. Samolot zosta\u0142 zniszczony, po\u017car nie wyst\u0105pi\u0142.<\/p>\n<p><strong>Przyczyna zdarzenia:<\/strong><br \/>\n<strong>Wej\u015bcie samolotu w niekontrolowan\u0105 spiral\u0119, zako\u0144czon\u0105 zderzeniem z ziemi\u0105.\u00a0<\/strong><strong>Komisja nie by\u0142a w stanie ustali\u0107 przyczyny wej\u015bcia samolotu w spiral\u0119.<\/strong><\/p>\n<p>Raport ko\u0144cowy o nr 2022\/2700 z badania przedmiotowego wypadku znajduje si\u0119 w nast\u0119puj\u0105cym <a href=\"https:\/\/pkbwl.gov.pl\/wp-content\/uploads\/2023\/01\/2022_2700_RK.pdf\">linku<\/a>.<\/p>\n","protected":false},"excerpt":{"rendered":"<p>Po oko\u0142o 30 min. od startu samolot przeszed\u0142 na zni\u017canie i rozp\u0119dzaj\u0105c si\u0119 po trajektorii \u0142agodnego, ale zacie\u015bniaj\u0105cego si\u0119 \u0142uku, zderzy\u0142 si\u0119 z du\u017c\u0105 pr\u0119dko\u015bci\u0105 z ziemi\u0105. Pilot i pasa\u017cera ponie\u015bli \u015bmier\u0107 na miejscu. <\/p>\n","protected":false},"author":11,"featured_media":9958,"comment_status":"closed","ping_status":"closed","sticky":false,"template":"","format":"standard","meta":{"footnotes":""},"categories":[39],"tags":[],"class_list":["post-9956","post","type-post","status-publish","format-standard","has-post-thumbnail","hentry","category-aktualnosci"],"_links":{"self":[{"href":"https:\/\/pkbwl-pre.beztrudu.pl\/api\/wp\/v2\/posts\/9956","targetHints":{"allow":["GET"]}}],"collection":[{"href":"https:\/\/pkbwl-pre.beztrudu.pl\/api\/wp\/v2\/posts"}],"about":[{"href":"https:\/\/pkbwl-pre.beztrudu.pl\/api\/wp\/v2\/types\/post"}],"author":[{"embeddable":true,"href":"https:\/\/pkbwl-pre.beztrudu.pl\/api\/wp\/v2\/users\/11"}],"replies":[{"embeddable":true,"href":"https:\/\/pkbwl-pre.beztrudu.pl\/api\/wp\/v2\/comments?post=9956"}],"version-history":[{"count":13,"href":"https:\/\/pkbwl-pre.beztrudu.pl\/api\/wp\/v2\/posts\/9956\/revisions"}],"predecessor-version":[{"id":11883,"href":"https:\/\/pkbwl-pre.beztrudu.pl\/api\/wp\/v2\/posts\/9956\/revisions\/11883"}],"wp:featuredmedia":[{"embeddable":true,"href":"https:\/\/pkbwl-pre.beztrudu.pl\/api\/wp\/v2\/media\/9958"}],"wp:attachment":[{"href":"https:\/\/pkbwl-pre.beztrudu.pl\/api\/wp\/v2\/media?parent=9956"}],"wp:term":[{"taxonomy":"category","embeddable":true,"href":"https:\/\/pkbwl-pre.beztrudu.pl\/api\/wp\/v2\/categories?post=9956"},{"taxonomy":"post_tag","embeddable":true,"href":"https:\/\/pkbwl-pre.beztrudu.pl\/api\/wp\/v2\/tags?post=9956"}],"curies":[{"name":"wp","href":"https:\/\/api.w.org\/{rel}","templated":true}]}}